{"id":12589,"date":"2021-11-14T20:13:45","date_gmt":"2021-11-14T19:13:45","guid":{"rendered":"https:\/\/imkerverein-kattenvenne.de\/?p=12589"},"modified":"2022-11-20T21:01:07","modified_gmt":"2022-11-20T20:01:07","slug":"imkern-auf-probe-und-faulbrut-sind-themen-bei-der-versammlung-des-imkervereins","status":"publish","type":"post","link":"https:\/\/imkerverein-kattenvenne.de\/?p=12589","title":{"rendered":"\u201eImkern auf Probe\u201c und Faulbrut sind Themen bei der Versammlung des Imkervereins"},"content":{"rendered":"<h1>Kontrolle ist das A und O<\/h1>\r\n<p>Lienen-KattenvenneOptimal, sagt G\u00fcnther Schnarre, sei das zur\u00fcckliegende Jahr f\u00fcr Bienen und ihre Z\u00fcchter nicht gewesen anl\u00e4sslich der Versammlung des Imkervereins Kattenvenne. Man k\u00e4mpfe mit niedrigen Temperaturen und Krankheiten. Aber es gibt auch Grund zur Freude.<\/p>\r\n<p><a href=\"https:\/\/www.wn.de\/muensterland\/kreis-steinfurt\/lienen\/kontrolle-ist-das-a-und-o-2490689\">https:\/\/www.wn.de\/muensterland\/kreis-steinfurt\/lienen\/kontrolle-ist-das-a-und-o-2490689<\/a><\/p>\r\n<div class=\"fp-article-heading__excerpt-wrapper\">Von Anne Reinker\n<\/div>\r\n<div>\n\n<img decoding=\"async\" class=\"fp-lazyload lazyautosizes lazyloaded\" src=\"https:\/\/asc-images.forward-publishing.io\/2021\/11\/14\/728e0ac0-410f-4fcb-a590-2bebedc00860.jpeg?w=1024&amp;auto=format\" data-sizes=\"auto\" \/>\n<\/div>\r\n<div class=\"fp-article__main-image\">\r\n<div>\n\n\r\n<figure data-component-name=\"Image\">\r\n<figcaption class=\"fp-image-info\"><span class=\"fp-image-info__caption\">Die Imkerei begeistert im Umkreis zahlreiche Bienenz\u00fcchter. Bei der Versammlung des Imkervereins Kattenvenne berichtete G\u00fcnther Schnarre (rundes Bild) gestern \u00fcber aktuelle Entwicklungen.<\/span> <span class=\"fp-image-info__source\">Foto: dpa<\/span><\/figcaption>\r\n<\/figure>\r\n\n<\/div>\r\n\n<\/div>\r\n<p>Die Imkerei kann ein faszinierendes Hobby sein. Auch in dieser Region gibt es viele Bienenz\u00fcchter, allein mehr als 50 sind im Imkerverein Kattenvenne organisiert. Und die trafen sich am Sonntag in der Gastst\u00e4tte Gravemeier zur Mitgliederversammlung, um sich \u00fcber die Bienenv\u00f6lker auszutauschen und Angaben f\u00fcr den Landesverband zu machen.<\/p>\r\n<p>Einen entscheidenden Schritt in die Zukunft hat der Vorstand im Juni getan, als sich die Gruppierung als gemeinn\u00fctziger Verein eintragen lie\u00df. Dabei gibt es den \u00f6rtlichen Imkerverein bereits seit stolzen knapp 110 Jahren. Ihm haben sich \u00fcber die Jahre auch Bienenz\u00fcchter aus dem Umkreis, etwa aus Bad Iburg, Ibbenb\u00fcren oder Telgte, angeschlossen.<\/p>\r\n<p>G\u00fcnther Schnarre, Vorsitzender der Vereinigung, begr\u00fc\u00dfte die Mitglieder. Zum Vorstand geh\u00f6ren zudem Dr. Susanne Holtkamp (stellvertretende Vorsitzende), Christian Jakob (Schriftf\u00fchrer), Julian Gerding (Kassierer), Martin J\u00fcrgens (Beisitzer) sowie Honigobmann Alexander Machelett.<\/p>\r\n<p>Die zur\u00fcckliegenden Monate verliefen f\u00fcr die Bienen und ihre Z\u00fcchter nicht \u00fcberragend erfolgreich, zumindest was die Honigproduktion angeht. \u201eDie Bienen fliegen ab zehn Grad Au\u00dfentemperatur\u201c, erkl\u00e4rte Schnarre. Wenn die kalte Zeit sehr lange anhalte, m\u00fcssten die Tiere unter Umst\u00e4nden sogar zugef\u00fcttert werden, damit sie \u00fcberleben, sagte er. \u201eDas kann kritisch sein.\u201c In diesem Jahr kam man noch daran vorbei.<\/p>\r\n<p>Schlimme Konsequenzen k\u00f6nnen auch Krankheiten mit sich bringen. Wenn beispielsweise die Keule der amerikanischen Faulbrut zuschl\u00e4gt, von der aktuell die V\u00f6lker zweier Imker im Kreis Steinfurt sowie von einem Vereinsmitglied im Kreis Osnabr\u00fcck betroffen sind, k\u00f6nne das unter Umst\u00e4nden das Aus f\u00fcr ihre Bienenv\u00f6lker bedeuten. Regelm\u00e4\u00dfige Kontrollen seien unausweichlich, wenn der Bestand gesund bleiben soll.<\/p>\r\n<p>Die Faulbrut ist ein sporenbildendes und sehr widerstandsf\u00e4higes Bakterium, das die Brut der Honigbiene bef\u00e4llt. \u201eNormalerweise werden die Bienen mit solchen Sporen ganz gut fertig\u201c, meinte Schnarre. Doch wenn die Belastung zu gro\u00df f\u00fcr die Insekten werde, k\u00f6nnten die Bienen noch vor ihrer Geburt in den Zellen \u201evergammeln\u201c, f\u00fchrte der Fachmann aus.<\/p>\r\n<p>Die Ursachen f\u00fcr die Faulbrut seien vielf\u00e4ltig. Ist ein Bienenvolk betroffen, ist der Honig aber noch \u201everkehrsf\u00e4hig\u201c, sprich verk\u00e4uflich, wie Schnarre sagte. Die V\u00f6lker wiederum k\u00f6nnen oft noch zeit- und kostenintensiv saniert werden, wenn sie nicht zu stark befallen sind. \u201eDas ist in den meisten F\u00e4llen erfolgreich\u201c, berichtete er. Doch f\u00fcr so manch \u00e4lteren Imker k\u00f6nne das durchaus der Anlass sein, sich von seinem Hobby zu verabschieden.<\/p>\r\n<p>Aber es gab auch erfreuliche Erkenntnisse: So werde die Vereinsaktion \u201eImkern auf Probe\u201c sehr gut angenommen. Aktuell besch\u00e4ftigen sich zwei \u201eNeulinge\u201c mit der Bienenzucht. F\u00fcr Interessierte entstehen dabei keine Kosten, stattdessen gebe es einen umfassenden Einstieg in das Hobby.<\/p>\r\n<p><a href=\"https:\/\/www.wn.de\/muensterland\/kreis-steinfurt\/lienen\/kontrolle-ist-das-a-und-o-2490689\" target=\"_blank\" rel=\"noopener\">Quelle WN<\/a> <em>Der&#8220; Imkerverein Kattenvenne&#8220; blickt auf eine 100-j\u00e4hrige Geschichte zur\u00fcck.In diesem Zeitraum hat der Verein H\u00f6hen und Tiefen erlebt. Gerade die Tiefpunkte konnte der Verein nur erfolgreich \u00fcberstehen, weil sich immer wieder Mitglieder fanden, die ihr Engagement uneigenn\u00fctzig\u00a0einbrachten. Diese Unterst\u00fctzung ist besonders hervorzuheben, da die T\u00e4tigkeitdes Imkers oftmals m\u00fchsam ist, und gleichzeitig eine geh\u00f6rige Menge Idealismus verlangt. Hier zeigt sich schon, wieviel Elan erforderlich ist,wenn\u00a0man dem Hobby Imkerei nach gehen m\u00f6chte.Unser besonderer Dank gilt unseren Mitgliedern, und wir sind froh, uns mit dieser Homepage vielen interessierten Naturfreunden pr\u00e4sentieren zu k\u00f6nnen.Unser Imkerverein hat es sich zur Aufgabe gemacht, naturverbundenen Menschen zu helfen, die die Imkerei zu Ihrem Hobby machen wollen.Kommen Sie in unsere Gemeinschaft und lernen Sie den Umgang mit Bienen kennen. Sie erhalten bei uns eine praktische Unterweisung und Informationen von erfahrenen Imkern. \r\n\r\nAuch Sie sind herzlich willkommen<\/em><\/p><div class=\"pvc_clear\">\n<\/div><p class=\"pvc_stats all \" data-element-id=\"12589\" style=\"\"><i class=\"pvc-stats-icon medium\" aria-hidden=\"true\"><svg aria-hidden=\"true\" focusable=\"false\" data-prefix=\"far\" data-icon=\"chart-bar\" role=\"img\" xmlns=\"http:\/\/www.w3.org\/2000\/svg\" viewBox=\"0 0 512 512\" class=\"svg-inline--fa fa-chart-bar fa-w-16 fa-2x\"><path fill=\"currentColor\" d=\"M396.8 352h22.4c6.4 0 12.8-6.4 12.8-12.8V108.8c0-6.4-6.4-12.8-12.8-12.8h-22.4c-6.4 0-12.8 6.4-12.8 12.8v230.4c0 6.4 6.4 12.8 12.8 12.8zm-192 0h22.4c6.4 0 12.8-6.4 12.8-12.8V140.8c0-6.4-6.4-12.8-12.8-12.8h-22.4c-6.4 0-12.8 6.4-12.8 12.8v198.4c0 6.4 6.4 12.8 12.8 12.8zm96 0h22.4c6.4 0 12.8-6.4 12.8-12.8V204.8c0-6.4-6.4-12.8-12.8-12.8h-22.4c-6.4 0-12.8 6.4-12.8 12.8v134.4c0 6.4 6.4 12.8 12.8 12.8zM496 400H48V80c0-8.84-7.16-16-16-16H16C7.16 64 0 71.16 0 80v336c0 17.67 14.33 32 32 32h464c8.84 0 16-7.16 16-16v-16c0-8.84-7.16-16-16-16zm-387.2-48h22.4c6.4 0 12.8-6.4 12.8-12.8v-70.4c0-6.4-6.4-12.8-12.8-12.8h-22.4c-6.4 0-12.8 6.4-12.8 12.8v70.4c0 6.4 6.4 12.8 12.8 12.8z\" class=\"\"><\/path><\/svg><\/i> &nbsp;1,760&nbsp;total views, &nbsp;2&nbsp;views today<\/p><div class=\"pvc_clear\">\n<\/div>","protected":false},"excerpt":{"rendered":"<p>Kontrolle ist das A und O Lienen-KattenvenneOptimal, sagt G\u00fcnther Schnarre, sei das zur\u00fcckliegende Jahr f\u00fcr Bienen und ihre Z\u00fcchter nicht gewesen anl\u00e4sslich der Versammlung des Imkervereins Kattenvenne. Man k\u00e4mpfe mit niedrigen Temperaturen und Krankheiten. Aber es gibt auch Grund zur Freude. https:\/\/www.wn.de\/muensterland\/kreis-steinfurt\/lienen\/kontrolle-ist-das-a-und-o-2490689 Von Anne Reinker Die Imkerei begeistert im Umkreis zahlreiche Bienenz\u00fcchter. Bei der Versammlung des Imkervereins Kattenvenne berichtete G\u00fcnther Schnarre (rundes Bild) gestern \u00fcber aktuelle Entwicklungen. Foto: dpa Die Imkerei kann ein faszinierendes Hobby sein. Auch in dieser Region gibt es viele Bienenz\u00fcchter, allein mehr als 50 sind im Imkerverein Kattenvenne organisiert. Und die trafen sich am Sonntag in der Gastst\u00e4tte Gravemeier zur Mitgliederversammlung, um sich \u00fcber die Bienenv\u00f6lker auszutauschen und Angaben f\u00fcr den Landesverband zu machen. Einen entscheidenden Schritt in die Zukunft hat der Vorstand im Juni getan, als sich die Gruppierung als gemeinn\u00fctziger Verein eintragen lie\u00df. Dabei gibt es den \u00f6rtlichen Imkerverein bereits seit stolzen knapp 110 Jahren. Ihm haben sich \u00fcber die Jahre auch Bienenz\u00fcchter aus dem Umkreis, etwa aus Bad Iburg, Ibbenb\u00fcren oder Telgte, angeschlossen. G\u00fcnther Schnarre, Vorsitzender der Vereinigung, begr\u00fc\u00dfte die Mitglieder. Zum Vorstand geh\u00f6ren zudem Dr. Susanne Holtkamp (stellvertretende Vorsitzende), Christian Jakob (Schriftf\u00fchrer), Julian Gerding (Kassierer), Martin J\u00fcrgens (Beisitzer) sowie Honigobmann Alexander Machelett. [&hellip;]<\/p>\n<div class=\"pvc_clear\"><\/div>\n<p class=\"pvc_stats all \" data-element-id=\"12589\" style=\"\"><i class=\"pvc-stats-icon medium\" aria-hidden=\"true\"><svg aria-hidden=\"true\" focusable=\"false\" data-prefix=\"far\" data-icon=\"chart-bar\" role=\"img\" xmlns=\"http:\/\/www.w3.org\/2000\/svg\" viewBox=\"0 0 512 512\" class=\"svg-inline--fa fa-chart-bar fa-w-16 fa-2x\"><path fill=\"currentColor\" d=\"M396.8 352h22.4c6.4 0 12.8-6.4 12.8-12.8V108.8c0-6.4-6.4-12.8-12.8-12.8h-22.4c-6.4 0-12.8 6.4-12.8 12.8v230.4c0 6.4 6.4 12.8 12.8 12.8zm-192 0h22.4c6.4 0 12.8-6.4 12.8-12.8V140.8c0-6.4-6.4-12.8-12.8-12.8h-22.4c-6.4 0-12.8 6.4-12.8 12.8v198.4c0 6.4 6.4 12.8 12.8 12.8zm96 0h22.4c6.4 0 12.8-6.4 12.8-12.8V204.8c0-6.4-6.4-12.8-12.8-12.8h-22.4c-6.4 0-12.8 6.4-12.8 12.8v134.4c0 6.4 6.4 12.8 12.8 12.8zM496 400H48V80c0-8.84-7.16-16-16-16H16C7.16 64 0 71.16 0 80v336c0 17.67 14.33 32 32 32h464c8.84 0 16-7.16 16-16v-16c0-8.84-7.16-16-16-16zm-387.2-48h22.4c6.4 0 12.8-6.4 12.8-12.8v-70.4c0-6.4-6.4-12.8-12.8-12.8h-22.4c-6.4 0-12.8 6.4-12.8 12.8v70.4c0 6.4 6.4 12.8 12.8 12.8z\" class=\"\"><\/path><\/svg><\/i> &nbsp;1,760&nbsp;total views, &nbsp;2&nbsp;views today<\/p>\n<div class=\"pvc_clear\"><\/div>\n","protected":false},"author":3,"featured_media":0,"comment_status":"closed","ping_status":"open","sticky":false,"template":"","format":"standard","meta":{"footnotes":""},"categories":[1],"tags":[],"class_list":["post-12589","post","type-post","status-publish","format-standard","hentry","category-neuigkeiten"],"_links":{"self":[{"href":"https:\/\/imkerverein-kattenvenne.de\/index.php?rest_route=\/wp\/v2\/posts\/12589","targetHints":{"allow":["GET"]}}],"collection":[{"href":"https:\/\/imkerverein-kattenvenne.de\/index.php?rest_route=\/wp\/v2\/posts"}],"about":[{"href":"https:\/\/imkerverein-kattenvenne.de\/index.php?rest_route=\/wp\/v2\/types\/post"}],"author":[{"embeddable":true,"href":"https:\/\/imkerverein-kattenvenne.de\/index.php?rest_route=\/wp\/v2\/users\/3"}],"replies":[{"embeddable":true,"href":"https:\/\/imkerverein-kattenvenne.de\/index.php?rest_route=%2Fwp%2Fv2%2Fcomments&post=12589"}],"version-history":[{"count":6,"href":"https:\/\/imkerverein-kattenvenne.de\/index.php?rest_route=\/wp\/v2\/posts\/12589\/revisions"}],"predecessor-version":[{"id":12646,"href":"https:\/\/imkerverein-kattenvenne.de\/index.php?rest_route=\/wp\/v2\/posts\/12589\/revisions\/12646"}],"wp:attachment":[{"href":"https:\/\/imkerverein-kattenvenne.de\/index.php?rest_route=%2Fwp%2Fv2%2Fmedia&parent=12589"}],"wp:term":[{"taxonomy":"category","embeddable":true,"href":"https:\/\/imkerverein-kattenvenne.de\/index.php?rest_route=%2Fwp%2Fv2%2Fcategories&post=12589"},{"taxonomy":"post_tag","embeddable":true,"href":"https:\/\/imkerverein-kattenvenne.de\/index.php?rest_route=%2Fwp%2Fv2%2Ftags&post=12589"}],"curies":[{"name":"wp","href":"https:\/\/api.w.org\/{rel}","templated":true}]}}